{"id":17,"date":"2021-01-22T14:51:45","date_gmt":"2021-01-22T13:51:45","guid":{"rendered":"http:\/\/ks.bikeshop.se\/?post_type=epkb_post_type_1&#038;p=17"},"modified":"2021-01-22T14:51:45","modified_gmt":"2021-01-22T13:51:45","slug":"hur-hittar-jag-ratt-storlek-pa-cykelhjalmen","status":"publish","type":"epkb_post_type_1","link":"https:\/\/ks.bikeshop.se\/?epkb_post_type_1=hur-hittar-jag-ratt-storlek-pa-cykelhjalmen","title":{"rendered":"Hur hittar jag r\u00e4tt storlek p\u00e5 cykelhj\u00e4lmen?"},"content":{"rendered":"\n<p>Att hitta r\u00e4tt hj\u00e4lmstorlek \u00e4r inte s\u00e4rskilt sv\u00e5rt. Anv\u00e4nd ett m\u00e5ttband och m\u00e4t omkretsen p\u00e5 ditt huvud. Se till att m\u00e5ttbandet ligger rakt och \u00e4r placerat rakt ovanf\u00f6r dina \u00f6gonbryn. Om du \u00e4r mitt mellan tv\u00e5 storlekar \u00e4r det ofta smart att v\u00e4lja den st\u00f6rre. Anledningen \u00e4r att du d\u00e5 f\u00e5r plats med ett pannband eller en hj\u00e4lmm\u00f6ssa under kyliga dagar.<\/p>\n","protected":false},"excerpt":{"rendered":"<p>Att hitta r\u00e4tt hj\u00e4lmstorlek \u00e4r inte s\u00e4rskilt sv\u00e5rt. Anv\u00e4nd ett m\u00e5ttband och m\u00e4t omkretsen p\u00e5 ditt huvud. Se till att m\u00e5ttbandet ligger rakt och \u00e4r placerat rakt ovanf\u00f6r dina \u00f6gonbryn. Om du \u00e4r mitt mellan tv\u00e5 storlekar \u00e4r det ofta smart att v\u00e4lja den st\u00f6rre. Anledningen \u00e4r att du d\u00e5 f\u00e5r plats med ett pannband [&hellip;]<\/p>\n","protected":false},"author":2,"featured_media":0,"comment_status":"open","ping_status":"closed","template":"","meta":{"footnotes":""},"epkb_post_type_1_category":[7],"epkb_post_type_1_tag":[],"class_list":["post-17","epkb_post_type_1","type-epkb_post_type_1","status-publish","hentry","epkb_post_type_1_category-kopsguide"],"_links":{"self":[{"href":"https:\/\/ks.bikeshop.se\/index.php?rest_route=\/wp\/v2\/epkb_post_type_1\/17","targetHints":{"allow":["GET"]}}],"collection":[{"href":"https:\/\/ks.bikeshop.se\/index.php?rest_route=\/wp\/v2\/epkb_post_type_1"}],"about":[{"href":"https:\/\/ks.bikeshop.se\/index.php?rest_route=\/wp\/v2\/types\/epkb_post_type_1"}],"author":[{"embeddable":true,"href":"https:\/\/ks.bikeshop.se\/index.php?rest_route=\/wp\/v2\/users\/2"}],"replies":[{"embeddable":true,"href":"https:\/\/ks.bikeshop.se\/index.php?rest_route=%2Fwp%2Fv2%2Fcomments&post=17"}],"version-history":[{"count":1,"href":"https:\/\/ks.bikeshop.se\/index.php?rest_route=\/wp\/v2\/epkb_post_type_1\/17\/revisions"}],"predecessor-version":[{"id":18,"href":"https:\/\/ks.bikeshop.se\/index.php?rest_route=\/wp\/v2\/epkb_post_type_1\/17\/revisions\/18"}],"wp:attachment":[{"href":"https:\/\/ks.bikeshop.se\/index.php?rest_route=%2Fwp%2Fv2%2Fmedia&parent=17"}],"wp:term":[{"taxonomy":"epkb_post_type_1_category","embeddable":true,"href":"https:\/\/ks.bikeshop.se\/index.php?rest_route=%2Fwp%2Fv2%2Fepkb_post_type_1_category&post=17"},{"taxonomy":"epkb_post_type_1_tag","embeddable":true,"href":"https:\/\/ks.bikeshop.se\/index.php?rest_route=%2Fwp%2Fv2%2Fepkb_post_type_1_tag&post=17"}],"curies":[{"name":"wp","href":"https:\/\/api.w.org\/{rel}","templated":true}]}}