{"id":44,"date":"2021-01-22T15:00:37","date_gmt":"2021-01-22T14:00:37","guid":{"rendered":"http:\/\/ks.bikeshop.se\/?post_type=epkb_post_type_1&#038;p=44"},"modified":"2021-01-22T15:00:37","modified_gmt":"2021-01-22T14:00:37","slug":"vilka-pedaler-ska-jag-ha-til-min-cykel","status":"publish","type":"epkb_post_type_1","link":"https:\/\/ks.bikeshop.se\/?epkb_post_type_1=vilka-pedaler-ska-jag-ha-til-min-cykel","title":{"rendered":"Vilka pedaler ska jag ha til min cykel?"},"content":{"rendered":"\n<p>Att hitta r\u00e4tt pedaler kan kanske verka sv\u00e5rare \u00e4n vad det egentligen \u00e4r. Idag har alla cyklar 9\/16\u00a8-g\u00e4ngor p\u00e5 vevarmarna och de flesta pedaler anv\u00e4nder denna standard n\u00e4r det g\u00e4ller g\u00e4ngor. Om du vill ha tips och r\u00e5d p\u00e5 vad som passar b\u00e4st f\u00f6r dig \u00e4r du v\u00e4lkommen att kontakta v\u00e5ra produktexperter.<\/p>\n","protected":false},"excerpt":{"rendered":"<p>Att hitta r\u00e4tt pedaler kan kanske verka sv\u00e5rare \u00e4n vad det egentligen \u00e4r. Idag har alla cyklar 9\/16\u00a8-g\u00e4ngor p\u00e5 vevarmarna och de flesta pedaler anv\u00e4nder denna standard n\u00e4r det g\u00e4ller g\u00e4ngor. Om du vill ha tips och r\u00e5d p\u00e5 vad som passar b\u00e4st f\u00f6r dig \u00e4r du v\u00e4lkommen att kontakta v\u00e5ra produktexperter.<\/p>\n","protected":false},"author":2,"featured_media":0,"comment_status":"open","ping_status":"closed","template":"","meta":{"footnotes":""},"epkb_post_type_1_category":[7],"epkb_post_type_1_tag":[],"class_list":["post-44","epkb_post_type_1","type-epkb_post_type_1","status-publish","hentry","epkb_post_type_1_category-kopsguide"],"_links":{"self":[{"href":"https:\/\/ks.bikeshop.se\/index.php?rest_route=\/wp\/v2\/epkb_post_type_1\/44","targetHints":{"allow":["GET"]}}],"collection":[{"href":"https:\/\/ks.bikeshop.se\/index.php?rest_route=\/wp\/v2\/epkb_post_type_1"}],"about":[{"href":"https:\/\/ks.bikeshop.se\/index.php?rest_route=\/wp\/v2\/types\/epkb_post_type_1"}],"author":[{"embeddable":true,"href":"https:\/\/ks.bikeshop.se\/index.php?rest_route=\/wp\/v2\/users\/2"}],"replies":[{"embeddable":true,"href":"https:\/\/ks.bikeshop.se\/index.php?rest_route=%2Fwp%2Fv2%2Fcomments&post=44"}],"version-history":[{"count":1,"href":"https:\/\/ks.bikeshop.se\/index.php?rest_route=\/wp\/v2\/epkb_post_type_1\/44\/revisions"}],"predecessor-version":[{"id":45,"href":"https:\/\/ks.bikeshop.se\/index.php?rest_route=\/wp\/v2\/epkb_post_type_1\/44\/revisions\/45"}],"wp:attachment":[{"href":"https:\/\/ks.bikeshop.se\/index.php?rest_route=%2Fwp%2Fv2%2Fmedia&parent=44"}],"wp:term":[{"taxonomy":"epkb_post_type_1_category","embeddable":true,"href":"https:\/\/ks.bikeshop.se\/index.php?rest_route=%2Fwp%2Fv2%2Fepkb_post_type_1_category&post=44"},{"taxonomy":"epkb_post_type_1_tag","embeddable":true,"href":"https:\/\/ks.bikeshop.se\/index.php?rest_route=%2Fwp%2Fv2%2Fepkb_post_type_1_tag&post=44"}],"curies":[{"name":"wp","href":"https:\/\/api.w.org\/{rel}","templated":true}]}}